{"id":355,"date":"2017-05-11T15:45:01","date_gmt":"2017-05-11T13:45:01","guid":{"rendered":"http:\/\/ostravskamuzejninoc.cz\/subdom\/2017\/?p=355"},"modified":"2017-05-23T14:14:35","modified_gmt":"2017-05-23T12:14:35","slug":"janackova-filharmonie-ostrava","status":"publish","type":"post","link":"https:\/\/2017.ostravskamuzejninoc.cz\/cs\/janackova-filharmonie-ostrava\/","title":{"rendered":"Jan\u00e1\u010dkova filharmonie Ostrava"},"content":{"rendered":"<p><\/p>\n<h1>Jan\u00e1\u010dkova filharmonie Ostrava, p\u0159\u00edsp\u011bvkov\u00e1 organizace<\/h1>\n<ul>\n<li>17.00\u201320.00<br \/>\n<strong>Dobrodru\u017estv\u00ed filharmonistiky<\/strong><img loading=\"lazy\" class=\"wp-image-357 alignright\" src=\"https:\/\/2017.ostravskamuzejninoc.cz\/wp-content\/uploads\/2017\/05\/janackova_filharmonie2.png\" alt=\"\" width=\"300\" height=\"69\" srcset=\"https:\/\/2017.ostravskamuzejninoc.cz\/wp-content\/uploads\/2017\/05\/janackova_filharmonie2.png 419w, https:\/\/2017.ostravskamuzejninoc.cz\/wp-content\/uploads\/2017\/05\/janackova_filharmonie2-184x43.png 184w\" sizes=\"(max-width: 300px) 100vw, 300px\" \/>(Zku\u0161ebna JFO)<br \/>\nRozto\u010dte mozkov\u00e9 z\u00e1vity na\u00a0pln\u00e9 obr\u00e1tky! Je tady hudebn\u00ed stezka pln\u00e1 z\u00e1ludn\u00fdch \u00fakol\u016f.<\/li>\n<li>17.00\u201320.00<br \/>\n<strong>Orfov\u00e1n\u00ed (Prostory JFO)<\/strong><br \/>\nZ\u00e1bavn\u00e9 workshopov\u00e9 muzic\u00edrov\u00e1n\u00ed ur\u010den\u00e9 (nejen) pro rodiny s\u00a0d\u011btmi.<\/li>\n<li>17.00\u201324.00<br \/>\n<strong>Music, Art &amp; Coffee (Hudebn\u00ed s\u00e1l JFO)<\/strong><br \/>\nRelaxa\u010dn\u00ed z\u00f3na s\u00a0um\u011bleck\u00fdm vy\u017eit\u00edm. P\u0159ij\u010fte se ob\u010derstvit nejen fyzicky! Uskute\u010dn\u00ed se i\u00a0v\u00fdtvarn\u00e1 sout\u011b\u017e. Nejlep\u0161\u00ed um\u011bleck\u00e9 d\u00edlo inspirovan\u00e9 hudbou bude ocen\u011bno.<\/li>\n<li>17.00\u201324.00<br \/>\n<strong>Hudebn\u00ed touhy (Prvn\u00ed patro JFO)<\/strong><br \/>\nObjevte sv\u016fj skryt\u00fd talent! Jedine\u010dn\u00e1 p\u0159\u00edle\u017eitost vyzkou\u0161et si a\u00a0osahat rozli\u010dn\u00e9 hudebn\u00ed n\u00e1stroje.<\/li>\n<li>18.30, 19.30<br \/>\n<strong>Boomwhackers (Hudebn\u00ed s\u00e1l JFO)<\/strong><br \/>\nBoomwhackers aneb barevn\u00fd sv\u011bt v\u00a0hrsti. Netradi\u010dn\u00ed orchestr\u00e1ln\u00ed souzn\u011bn\u00ed, kter\u00e9 V\u00e1m vyraz\u00ed dech, proto\u017ee se stanete jeho sou\u010d\u00e1st\u00ed.<\/li>\n<li>18.30, 19.30, 20.30, 21.30, 22.30<br \/>\n<strong>Komentovan\u00e1 prohl\u00eddka varhan s\u00a0uk\u00e1zkou, p\u0159i kter\u00e9 se varhany rozezn\u00ed<\/strong><br \/>\n(Spole\u010densk\u00fd s\u00e1l Domu kultury m\u011bsta Ostravy)<br \/>\nN\u00e1\u0161 nejv\u011bt\u0161\u00ed hudebn\u00ed n\u00e1stroj zbl\u00edzka, zevnit\u0159 i\u00a0na\u00a0vlastn\u00ed u\u0161i.<\/li>\n<li>18.00, 19.00, 20.00, 21.00, 22.00<br \/>\n<strong>Pod pokli\u010dkou filharmonie<\/strong><br \/>\n(Start prohl\u00eddek na\u00a0vr\u00e1tnici JFO)<br \/>\nZa\u00a0oponou aneb kam se b\u011b\u017en\u00fd n\u00e1v\u0161t\u011bvn\u00edk nedostane. Komentovan\u00e9 prohl\u00eddky z\u00e1zem\u00ed JFO.<\/li>\n<\/ul>\n<h4>Kontakt<\/h4>\n<p>Jan\u00e1\u010dkova filharmonie Ostrava<br \/>\n28. \u0159\u00edjna 124<br \/>\n702 00 Ostrava<br \/>\n<a href=\"https:\/\/www.ostravskamuzejninoc.cz\/2012\/office@jfo.cz\">office@jfo.cz<\/a><br \/>\n<a href=\"https:\/\/www.jfo.cz\/\" target=\"_blank\" rel=\"noopener noreferrer\">www.jfo.cz<\/a><\/p>\n<p><a href=\"https:\/\/www.facebook.com\/JanackovafilharmonieOstrava\" target=\"_blank\" rel=\"noopener noreferrer\">www.facebook.com\/JanackovafilharmonieOstrava<\/a><br \/>\nT +420 597 489 499<\/p>\n<p><div id='gallery-1' class='gallery galleryid-355 gallery-columns-3 gallery-size-medium'><figure class='gallery-item'>\n\t\t\t<div class='gallery-icon landscape'>\n\t\t\t\t<a href='https:\/\/2017.ostravskamuzejninoc.cz\/wp-content\/uploads\/2017\/05\/JFO-OMN-122.jpg'><img width=\"744\" height=\"558\" src=\"https:\/\/2017.ostravskamuzejninoc.cz\/wp-content\/uploads\/2017\/05\/JFO-OMN-122-744x558.jpg\" class=\"attachment-medium size-medium\" alt=\"\" loading=\"lazy\" srcset=\"https:\/\/2017.ostravskamuzejninoc.cz\/wp-content\/uploads\/2017\/05\/JFO-OMN-122-744x558.jpg 744w, https:\/\/2017.ostravskamuzejninoc.cz\/wp-content\/uploads\/2017\/05\/JFO-OMN-122-420x315.jpg 420w, https:\/\/2017.ostravskamuzejninoc.cz\/wp-content\/uploads\/2017\/05\/JFO-OMN-122-768x576.jpg 768w, https:\/\/2017.ostravskamuzejninoc.cz\/wp-content\/uploads\/2017\/05\/JFO-OMN-122-184x138.jpg 184w, https:\/\/2017.ostravskamuzejninoc.cz\/wp-content\/uploads\/2017\/05\/JFO-OMN-122.jpg 960w\" sizes=\"(max-width: 744px) 100vw, 744px\" \/><\/a>\n\t\t\t<\/div><\/figure><figure class='gallery-item'>\n\t\t\t<div class='gallery-icon landscape'>\n\t\t\t\t<a href='https:\/\/2017.ostravskamuzejninoc.cz\/wp-content\/uploads\/2017\/05\/JFO-OMN-132.jpg'><img width=\"744\" height=\"465\" src=\"https:\/\/2017.ostravskamuzejninoc.cz\/wp-content\/uploads\/2017\/05\/JFO-OMN-132-744x465.jpg\" class=\"attachment-medium size-medium\" alt=\"\" loading=\"lazy\" srcset=\"https:\/\/2017.ostravskamuzejninoc.cz\/wp-content\/uploads\/2017\/05\/JFO-OMN-132-744x465.jpg 744w, https:\/\/2017.ostravskamuzejninoc.cz\/wp-content\/uploads\/2017\/05\/JFO-OMN-132-420x263.jpg 420w, https:\/\/2017.ostravskamuzejninoc.cz\/wp-content\/uploads\/2017\/05\/JFO-OMN-132-768x480.jpg 768w, https:\/\/2017.ostravskamuzejninoc.cz\/wp-content\/uploads\/2017\/05\/JFO-OMN-132-184x115.jpg 184w, https:\/\/2017.ostravskamuzejninoc.cz\/wp-content\/uploads\/2017\/05\/JFO-OMN-132.jpg 960w\" sizes=\"(max-width: 744px) 100vw, 744px\" \/><\/a>\n\t\t\t<\/div><\/figure><figure class='gallery-item'>\n\t\t\t<div class='gallery-icon landscape'>\n\t\t\t\t<a href='https:\/\/2017.ostravskamuzejninoc.cz\/wp-content\/uploads\/2017\/05\/jfo_01.jpg'><img width=\"744\" height=\"495\" src=\"https:\/\/2017.ostravskamuzejninoc.cz\/wp-content\/uploads\/2017\/05\/jfo_01-744x495.jpg\" class=\"attachment-medium size-medium\" alt=\"\" loading=\"lazy\" srcset=\"https:\/\/2017.ostravskamuzejninoc.cz\/wp-content\/uploads\/2017\/05\/jfo_01-744x495.jpg 744w, https:\/\/2017.ostravskamuzejninoc.cz\/wp-content\/uploads\/2017\/05\/jfo_01-420x279.jpg 420w, https:\/\/2017.ostravskamuzejninoc.cz\/wp-content\/uploads\/2017\/05\/jfo_01-768x511.jpg 768w, https:\/\/2017.ostravskamuzejninoc.cz\/wp-content\/uploads\/2017\/05\/jfo_01-184x122.jpg 184w, https:\/\/2017.ostravskamuzejninoc.cz\/wp-content\/uploads\/2017\/05\/jfo_01.jpg 800w\" sizes=\"(max-width: 744px) 100vw, 744px\" \/><\/a>\n\t\t\t<\/div><\/figure>\n\t\t<\/div>\n<\/p>","protected":false},"excerpt":{"rendered":"<p>Jan\u00e1\u010dkova filharmonie Ostrava, p\u0159\u00edsp\u011bvkov\u00e1 organizace 17.00\u201320.00 Dobrodru\u017estv\u00ed filharmonistiky(Zku\u0161ebna JFO) Rozto\u010dte &hellip;<\/p>\n","protected":false},"author":1,"featured_media":362,"comment_status":"closed","ping_status":"closed","sticky":false,"template":"","format":"standard","meta":[],"categories":[2],"tags":[],"_links":{"self":[{"href":"https:\/\/2017.ostravskamuzejninoc.cz\/cs\/wp-json\/wp\/v2\/posts\/355"}],"collection":[{"href":"https:\/\/2017.ostravskamuzejninoc.cz\/cs\/wp-json\/wp\/v2\/posts"}],"about":[{"href":"https:\/\/2017.ostravskamuzejninoc.cz\/cs\/wp-json\/wp\/v2\/types\/post"}],"author":[{"embeddable":true,"href":"https:\/\/2017.ostravskamuzejninoc.cz\/cs\/wp-json\/wp\/v2\/users\/1"}],"replies":[{"embeddable":true,"href":"https:\/\/2017.ostravskamuzejninoc.cz\/cs\/wp-json\/wp\/v2\/comments?post=355"}],"version-history":[{"count":12,"href":"https:\/\/2017.ostravskamuzejninoc.cz\/cs\/wp-json\/wp\/v2\/posts\/355\/revisions"}],"predecessor-version":[{"id":732,"href":"https:\/\/2017.ostravskamuzejninoc.cz\/cs\/wp-json\/wp\/v2\/posts\/355\/revisions\/732"}],"wp:featuredmedia":[{"embeddable":true,"href":"https:\/\/2017.ostravskamuzejninoc.cz\/cs\/wp-json\/wp\/v2\/media\/362"}],"wp:attachment":[{"href":"https:\/\/2017.ostravskamuzejninoc.cz\/cs\/wp-json\/wp\/v2\/media?parent=355"}],"wp:term":[{"taxonomy":"category","embeddable":true,"href":"https:\/\/2017.ostravskamuzejninoc.cz\/cs\/wp-json\/wp\/v2\/categories?post=355"},{"taxonomy":"post_tag","embeddable":true,"href":"https:\/\/2017.ostravskamuzejninoc.cz\/cs\/wp-json\/wp\/v2\/tags?post=355"}],"curies":[{"name":"wp","href":"https:\/\/api.w.org\/{rel}","templated":true}]}}