{"id":434,"date":"2017-05-12T14:14:26","date_gmt":"2017-05-12T12:14:26","guid":{"rendered":"http:\/\/ostravskamuzejninoc.cz\/subdom\/2017\/?p=434"},"modified":"2017-06-02T11:34:54","modified_gmt":"2017-06-02T09:34:54","slug":"434-2","status":"publish","type":"post","link":"https:\/\/2017.ostravskamuzejninoc.cz\/cs\/434-2\/","title":{"rendered":"D\u016fl Michal"},"content":{"rendered":"<p><\/p>\n<h1>D\u016fl Michal<\/h1>\n<ul>\n<li>18.00\u201324.00<br \/>\n<strong>\u010cern\u00e9 zlato v\u00a0map\u00e1ch <img loading=\"lazy\" class=\"alignright\" src=\"https:\/\/2014.ostravskamuzejninoc.cz\/wp-content\/uploads\/2014\/05\/logo_dul_michal.png\" alt=\"logo_dul_michal\" width=\"185\" height=\"196\" \/><br \/>\n<\/strong><\/li>\n<\/ul>\n<p>V\u00fdstava a\u00a0eduka\u010dn\u00ed program. P\u0159i p\u0159\u00edle\u017eitosti oslav 750. v\u00fdro\u010d\u00ed prvn\u00ed p\u00edsemn\u00e9 zm\u00ednky o\u00a0m\u011bst\u011b Ostrav\u011b NKP D\u016fl Michal ve\u0159ejnosti p\u0159edstav\u00ed v\u00fdstavu historick\u00fdch b\u00e1\u0148sk\u00fdch map, digitalizaci prostorov\u00fdch model\u016f a\u00a0historick\u00e9 m\u011b\u0159ick\u00e9 techniky. K\u00a0v\u00fdstav\u011b se uskute\u010dn\u00ed eduka\u010dn\u00ed programy pro nejmen\u0161\u00ed n\u00e1v\u0161t\u011bvn\u00edky, kte\u0159\u00ed si budou moci vyzkou\u0161et i\u00a0m\u00e9n\u011b zn\u00e1me, p\u0159esto kl\u00ed\u010dov\u00e9 hornick\u00e9 profese m\u011b\u0159i\u010d\u016f a\u00a0geolog\u016f. Posledn\u00ed vstup 23.30 hodin. Rezervace nen\u00ed nutn\u00e1.<br \/>\nT\u011b\u0161\u00edme se na\u00a0va\u0161i n\u00e1v\u0161t\u011bvu.<br \/>\nZda\u0159 B\u016fh!<\/p>\n<h5>Kontakt<\/h5>\n<p>D\u016fl Michal<br \/>\n\u010cSA 95\/413<br \/>\n715 00 Ostrava-Mich\u00e1lkovice<br \/>\n<a href=\"mailto:dulmichal@npu.cz\">dulmichal@npu.cz<\/a><br \/>\n<a href=\"https:\/\/www.dul-michal.cz\/\" target=\"_blank\" rel=\"noopener noreferrer\">www.dul-michal.cz<\/a><br \/>\nT +420 724\u00a0664\u00a0010<\/p>\n<div id='gallery-1' class='gallery galleryid-434 gallery-columns-3 gallery-size-medium'><figure class='gallery-item'>\n\t\t\t<div class='gallery-icon landscape'>\n\t\t\t\t<a href='https:\/\/2017.ostravskamuzejninoc.cz\/wp-content\/uploads\/2017\/05\/05_dul_michal.jpg'><img width=\"744\" height=\"515\" src=\"https:\/\/2017.ostravskamuzejninoc.cz\/wp-content\/uploads\/2017\/05\/05_dul_michal-744x515.jpg\" class=\"attachment-medium size-medium\" alt=\"\" loading=\"lazy\" srcset=\"https:\/\/2017.ostravskamuzejninoc.cz\/wp-content\/uploads\/2017\/05\/05_dul_michal-744x515.jpg 744w, https:\/\/2017.ostravskamuzejninoc.cz\/wp-content\/uploads\/2017\/05\/05_dul_michal-420x291.jpg 420w, https:\/\/2017.ostravskamuzejninoc.cz\/wp-content\/uploads\/2017\/05\/05_dul_michal-768x532.jpg 768w, https:\/\/2017.ostravskamuzejninoc.cz\/wp-content\/uploads\/2017\/05\/05_dul_michal-184x127.jpg 184w, https:\/\/2017.ostravskamuzejninoc.cz\/wp-content\/uploads\/2017\/05\/05_dul_michal.jpg 800w\" sizes=\"(max-width: 744px) 100vw, 744px\" \/><\/a>\n\t\t\t<\/div><\/figure><figure class='gallery-item'>\n\t\t\t<div class='gallery-icon landscape'>\n\t\t\t\t<a href='https:\/\/2017.ostravskamuzejninoc.cz\/wp-content\/uploads\/2017\/05\/06_dul_michal.jpg'><img width=\"744\" height=\"496\" src=\"https:\/\/2017.ostravskamuzejninoc.cz\/wp-content\/uploads\/2017\/05\/06_dul_michal-744x496.jpg\" class=\"attachment-medium size-medium\" alt=\"\" loading=\"lazy\" srcset=\"https:\/\/2017.ostravskamuzejninoc.cz\/wp-content\/uploads\/2017\/05\/06_dul_michal-744x496.jpg 744w, https:\/\/2017.ostravskamuzejninoc.cz\/wp-content\/uploads\/2017\/05\/06_dul_michal-420x280.jpg 420w, https:\/\/2017.ostravskamuzejninoc.cz\/wp-content\/uploads\/2017\/05\/06_dul_michal-768x512.jpg 768w, https:\/\/2017.ostravskamuzejninoc.cz\/wp-content\/uploads\/2017\/05\/06_dul_michal-184x123.jpg 184w, https:\/\/2017.ostravskamuzejninoc.cz\/wp-content\/uploads\/2017\/05\/06_dul_michal.jpg 800w\" sizes=\"(max-width: 744px) 100vw, 744px\" \/><\/a>\n\t\t\t<\/div><\/figure>\n\t\t<\/div>\n\n<p>&nbsp;<\/p>","protected":false},"excerpt":{"rendered":"<p>D\u016fl Michal 18.00\u201324.00 \u010cern\u00e9 zlato v\u00a0map\u00e1ch V\u00fdstava a\u00a0eduka\u010dn\u00ed program. P\u0159i &hellip;<\/p>\n","protected":false},"author":1,"featured_media":436,"comment_status":"closed","ping_status":"closed","sticky":false,"template":"","format":"standard","meta":[],"categories":[2],"tags":[],"_links":{"self":[{"href":"https:\/\/2017.ostravskamuzejninoc.cz\/cs\/wp-json\/wp\/v2\/posts\/434"}],"collection":[{"href":"https:\/\/2017.ostravskamuzejninoc.cz\/cs\/wp-json\/wp\/v2\/posts"}],"about":[{"href":"https:\/\/2017.ostravskamuzejninoc.cz\/cs\/wp-json\/wp\/v2\/types\/post"}],"author":[{"embeddable":true,"href":"https:\/\/2017.ostravskamuzejninoc.cz\/cs\/wp-json\/wp\/v2\/users\/1"}],"replies":[{"embeddable":true,"href":"https:\/\/2017.ostravskamuzejninoc.cz\/cs\/wp-json\/wp\/v2\/comments?post=434"}],"version-history":[{"count":5,"href":"https:\/\/2017.ostravskamuzejninoc.cz\/cs\/wp-json\/wp\/v2\/posts\/434\/revisions"}],"predecessor-version":[{"id":912,"href":"https:\/\/2017.ostravskamuzejninoc.cz\/cs\/wp-json\/wp\/v2\/posts\/434\/revisions\/912"}],"wp:featuredmedia":[{"embeddable":true,"href":"https:\/\/2017.ostravskamuzejninoc.cz\/cs\/wp-json\/wp\/v2\/media\/436"}],"wp:attachment":[{"href":"https:\/\/2017.ostravskamuzejninoc.cz\/cs\/wp-json\/wp\/v2\/media?parent=434"}],"wp:term":[{"taxonomy":"category","embeddable":true,"href":"https:\/\/2017.ostravskamuzejninoc.cz\/cs\/wp-json\/wp\/v2\/categories?post=434"},{"taxonomy":"post_tag","embeddable":true,"href":"https:\/\/2017.ostravskamuzejninoc.cz\/cs\/wp-json\/wp\/v2\/tags?post=434"}],"curies":[{"name":"wp","href":"https:\/\/api.w.org\/{rel}","templated":true}]}}