{"id":494,"date":"2017-05-18T11:33:18","date_gmt":"2017-05-18T09:33:18","guid":{"rendered":"http:\/\/ostravskamuzejninoc.cz\/subdom\/2017\/?p=494"},"modified":"2017-05-23T14:18:42","modified_gmt":"2017-05-23T12:18:42","slug":"klub-atlantik","status":"publish","type":"post","link":"https:\/\/2017.ostravskamuzejninoc.cz\/cs\/klub-atlantik\/","title":{"rendered":"Klub Atlantik"},"content":{"rendered":"<p><\/p>\n<h1>Klub Atlantik<img class=\"alignright\" src=\"https:\/\/2013.ostravskamuzejninoc.cz\/wp-content\/uploads\/2013\/05\/atlantik_white.png\" alt=\"atlantik_white\" \/><\/h1>\n<ul>\n<li>16.00\u201324.00<br \/>\n<strong>Zahradn\u00ed ve\u010d\u00edrek s\u00a0grilov\u00e1n\u00edm a\u00a0pianistou<\/strong><br \/>\n(Zahr\u00e1dka klubu Atlantik)<\/li>\n<li>17.00\u201321.00<br \/>\n<strong>Jak vid\u00ed\u0161 Ostravu ty?<\/strong><br \/>\n(Zahr\u00e1dka klubu Atlantik)<br \/>\nV\u00fdtvarn\u00fd workshop pro d\u011bti i\u00a0dosp\u011bl\u00e9.<\/li>\n<li>17.00<br \/>\n<strong>Gerhard Richter: In der Werkstatt<\/strong><br \/>\nDoku film. (S\u00e1l klubu Atlantik)<\/li>\n<li>18.00<br \/>\n<strong>Michaela Cichrov\u00e1: Soulad \u2013 vernis\u00e1\u017e fotografi\u00ed (Kav\u00e1rna)<\/strong><\/li>\n<li>19.00<br \/>\n<strong>Vyti\u0161t\u011bn\u00e1 Ostrava! (Kav\u00e1rna)<\/strong><br \/>\nMaraton ve\u00a0\u010dten\u00ed ze slavn\u00fdch knih o\u00a0Ostrav\u011b.<\/li>\n<li>20.00<br \/>\n<strong>V\u00edce b\u00e1sn\u00ed ne\u017eli krav!<\/strong><br \/>\n(S\u00e1l klubu Atlantik)<br \/>\nChatanb\u00e1tar Magsard\u017eav \u2013 Bezejmenn\u00e1 skupina na\u00a0mongolsk\u00e9m ta\u017een\u00ed.<\/li>\n<li>20.30<br \/>\n<strong>Klubov\u00fd kv\u00edz pro v\u0161echny kolemjdouc\u00ed<\/strong><br \/>\n(Kav\u00e1rna klubu Atlantik)<\/li>\n<li>22.00<br \/>\n<strong>Gerhard Richter: Painting<\/strong><br \/>\nDoku film. (S\u00e1l klubu Atlantik)<\/li>\n<\/ul>\n<h5>Kontakt:<\/h5>\n<p>Klub Atlantik<br \/>\nT\u0159\u00edda \u010ceskoslovensk\u00fdch legi\u00ed 7<br \/>\n702 00 Ostrava<br \/>\n<a href=\"mailto:atlantik@ckv-ostrava.cz\">atlantik@ckv-ostrava.cz<\/a><br \/>\n<a href=\"https:\/\/www.klubatlantik.cz\/\" target=\"_blank\" rel=\"noopener noreferrer\">www.klubatlantik.cz<\/a><br \/>\nT +420 599 527 110<\/p>\n<p><a href=\"https:\/\/2017.ostravskamuzejninoc.cz\/wp-content\/uploads\/2017\/05\/atlantik2.jpg\"><img loading=\"lazy\" class=\"alignnone size-thumbnail wp-image-495\" src=\"https:\/\/2017.ostravskamuzejninoc.cz\/wp-content\/uploads\/2017\/05\/atlantik2-420x280.jpg\" alt=\"\" width=\"420\" height=\"280\" srcset=\"https:\/\/2017.ostravskamuzejninoc.cz\/wp-content\/uploads\/2017\/05\/atlantik2-420x280.jpg 420w, https:\/\/2017.ostravskamuzejninoc.cz\/wp-content\/uploads\/2017\/05\/atlantik2-744x496.jpg 744w, https:\/\/2017.ostravskamuzejninoc.cz\/wp-content\/uploads\/2017\/05\/atlantik2-768x512.jpg 768w, https:\/\/2017.ostravskamuzejninoc.cz\/wp-content\/uploads\/2017\/05\/atlantik2-184x123.jpg 184w, https:\/\/2017.ostravskamuzejninoc.cz\/wp-content\/uploads\/2017\/05\/atlantik2.jpg 960w\" sizes=\"(max-width: 420px) 100vw, 420px\" \/><\/a><\/p>\n<p>&nbsp;<\/p>","protected":false},"excerpt":{"rendered":"<p>Klub Atlantik 16.00\u201324.00 Zahradn\u00ed ve\u010d\u00edrek s\u00a0grilov\u00e1n\u00edm a\u00a0pianistou (Zahr\u00e1dka klubu Atlantik) &hellip;<\/p>\n","protected":false},"author":1,"featured_media":495,"comment_status":"closed","ping_status":"closed","sticky":false,"template":"","format":"standard","meta":[],"categories":[2],"tags":[],"_links":{"self":[{"href":"https:\/\/2017.ostravskamuzejninoc.cz\/cs\/wp-json\/wp\/v2\/posts\/494"}],"collection":[{"href":"https:\/\/2017.ostravskamuzejninoc.cz\/cs\/wp-json\/wp\/v2\/posts"}],"about":[{"href":"https:\/\/2017.ostravskamuzejninoc.cz\/cs\/wp-json\/wp\/v2\/types\/post"}],"author":[{"embeddable":true,"href":"https:\/\/2017.ostravskamuzejninoc.cz\/cs\/wp-json\/wp\/v2\/users\/1"}],"replies":[{"embeddable":true,"href":"https:\/\/2017.ostravskamuzejninoc.cz\/cs\/wp-json\/wp\/v2\/comments?post=494"}],"version-history":[{"count":8,"href":"https:\/\/2017.ostravskamuzejninoc.cz\/cs\/wp-json\/wp\/v2\/posts\/494\/revisions"}],"predecessor-version":[{"id":733,"href":"https:\/\/2017.ostravskamuzejninoc.cz\/cs\/wp-json\/wp\/v2\/posts\/494\/revisions\/733"}],"wp:featuredmedia":[{"embeddable":true,"href":"https:\/\/2017.ostravskamuzejninoc.cz\/cs\/wp-json\/wp\/v2\/media\/495"}],"wp:attachment":[{"href":"https:\/\/2017.ostravskamuzejninoc.cz\/cs\/wp-json\/wp\/v2\/media?parent=494"}],"wp:term":[{"taxonomy":"category","embeddable":true,"href":"https:\/\/2017.ostravskamuzejninoc.cz\/cs\/wp-json\/wp\/v2\/categories?post=494"},{"taxonomy":"post_tag","embeddable":true,"href":"https:\/\/2017.ostravskamuzejninoc.cz\/cs\/wp-json\/wp\/v2\/tags?post=494"}],"curies":[{"name":"wp","href":"https:\/\/api.w.org\/{rel}","templated":true}]}}