{"id":255,"date":"2017-05-11T11:39:53","date_gmt":"2017-05-11T09:39:53","guid":{"rendered":"http:\/\/ostravskamuzejninoc.cz\/subdom\/2017\/?p=255"},"modified":"2017-05-31T14:20:06","modified_gmt":"2017-05-31T12:20:06","slug":"slezska-lilie","status":"publish","type":"post","link":"https:\/\/2017.ostravskamuzejninoc.cz\/en\/slezska-lilie\/","title":{"rendered":"Silesian Lily"},"content":{"rendered":"<p><\/p>\n<h1>Silesian Lily<img loading=\"lazy\" class=\"size-full wp-image-264 alignright\" src=\"https:\/\/2017.ostravskamuzejninoc.cz\/wp-content\/uploads\/2017\/05\/logo_slezska_lilie_2017.png\" alt=\"\" width=\"336\" height=\"165\" srcset=\"https:\/\/2017.ostravskamuzejninoc.cz\/wp-content\/uploads\/2017\/05\/logo_slezska_lilie_2017.png 336w, https:\/\/2017.ostravskamuzejninoc.cz\/wp-content\/uploads\/2017\/05\/logo_slezska_lilie_2017-184x90.png 184w\" sizes=\"(max-width: 336px) 100vw, 336px\" \/><\/h1>\n<p>The Silesian Lily is an international Christian festival of contemporary music, the aim of which is to create a calm atmosphere of human togetherness and to try to help overcome barriers of social prejudices using not only music.<\/p>\n<p>The Silesian Lily festival 2017 takes place on 10th and 11th June at several places in Ostrava: 10th June in front of the Cathedral of the Divine Saviour on the Msgre \u0160r\u00e1mek Square (in front of the Ji\u0159\u00ed Myron theatre) in the centre of Ostrava and in the St. Wenceslas church on Kosteln\u00ed Square.<\/p>\n<p>On Sunday 11th June the festival will move to the city area Ostrava-Kun\u010di\u010dky, which is an area that might appear marked by heavy industry and social exclusion. Festival events therefore will try to change the face of this area by bringing a different view on the cultural events in the city and this part too. A calm, friendly and joyful atmosphere dominates the festival area, which the performers, organisers and especially the guests have their chance of co-creating.<\/p>\n<ul>\n<li>15.30\u201323.00<\/li>\n<\/ul>\n<p>The program of the Silesian Lily festival is focused on music by more and less popular Czech and foreign bands and groups across various music styles and genres and Sunday\u2019s spiritually-oriented programme will become an integral part of the festival.<\/p>\n<p>&nbsp;<\/p>\n<h4>In front of the Cathedral of the Divine Saviour<\/h4>\n<ul>\n<li>17.00\u201317.45<br \/>\n<strong>Fusion Lite<\/strong><\/li>\n<li>19.00\u201319.45<br \/>\n<strong>Ostrava zp\u00edv\u00e1 gospel<\/strong><\/li>\n<li>20.30\u201322.00<br \/>\n<strong>Christafari (USA)<\/strong><\/li>\n<\/ul>\n<h4>the Cathedral of the Divine Saviour<\/h4>\n<ul>\n<li>19.45\u201320.30<br \/>\n<strong>Lenka Dusilov\u00e1<\/strong><\/li>\n<li>22.00\u201322.45<br \/>\n<strong>Voxel<\/strong><\/li>\n<\/ul>\n<h4>St. Wenceslas Church<\/h4>\n<ul>\n<li>15.30\u201316.30 a\u00a017.30\u201318.30<br \/>\n<strong>Zbigniew Czendlik<\/strong><\/li>\n<li>16.30\u201317.30<br \/>\n<strong>Roman Dost\u00e1l &amp; Sl\u00e1vek Klecandr<\/strong><\/li>\n<li>18.30\u201319.00<br \/>\n<strong>Ellen Makumbirofa<\/strong><\/li>\n<\/ul>\n<h4>Contact<\/h4>\n<p>The Silesian Lily festival, in front of the Cathedral of the Divine Saviour on the Msgre Square, St. Wenceslas church on Kosteln\u00ed Square, Ostrava<\/p>\n<p><a href=\"https:\/\/www.slezskalilie.cz\" target=\"_blank\" rel=\"noopener noreferrer\">www.slezskalilie.cz<\/a><\/p>\n<p><a href=\"mailto:info@slezskalilie.cz\" target=\"_blank\" rel=\"noopener noreferrer\">info@slezskalilie.cz<\/a><\/p>\n<p>Phone +420 608\u00a0972\u00a0908<\/p>\n<p><div id='gallery-2' class='gallery galleryid-255 gallery-columns-4 gallery-size-medium'><figure class='gallery-item'>\n\t\t\t<div class='gallery-icon landscape'>\n\t\t\t\t<a href='https:\/\/2017.ostravskamuzejninoc.cz\/wp-content\/uploads\/2017\/05\/08_2016_slezskalilie.jpg'><img width=\"744\" height=\"495\" src=\"https:\/\/2017.ostravskamuzejninoc.cz\/wp-content\/uploads\/2017\/05\/08_2016_slezskalilie-744x495.jpg\" class=\"attachment-medium size-medium\" alt=\"\" loading=\"lazy\" srcset=\"https:\/\/2017.ostravskamuzejninoc.cz\/wp-content\/uploads\/2017\/05\/08_2016_slezskalilie-744x495.jpg 744w, https:\/\/2017.ostravskamuzejninoc.cz\/wp-content\/uploads\/2017\/05\/08_2016_slezskalilie-420x279.jpg 420w, https:\/\/2017.ostravskamuzejninoc.cz\/wp-content\/uploads\/2017\/05\/08_2016_slezskalilie-768x511.jpg 768w, https:\/\/2017.ostravskamuzejninoc.cz\/wp-content\/uploads\/2017\/05\/08_2016_slezskalilie-184x122.jpg 184w, https:\/\/2017.ostravskamuzejninoc.cz\/wp-content\/uploads\/2017\/05\/08_2016_slezskalilie.jpg 800w\" sizes=\"(max-width: 744px) 100vw, 744px\" \/><\/a>\n\t\t\t<\/div><\/figure><figure class='gallery-item'>\n\t\t\t<div class='gallery-icon landscape'>\n\t\t\t\t<a href='https:\/\/2017.ostravskamuzejninoc.cz\/wp-content\/uploads\/2017\/05\/voxel.jpg'><img width=\"600\" height=\"400\" src=\"https:\/\/2017.ostravskamuzejninoc.cz\/wp-content\/uploads\/2017\/05\/voxel.jpg\" class=\"attachment-medium size-medium\" alt=\"\" loading=\"lazy\" srcset=\"https:\/\/2017.ostravskamuzejninoc.cz\/wp-content\/uploads\/2017\/05\/voxel.jpg 600w, https:\/\/2017.ostravskamuzejninoc.cz\/wp-content\/uploads\/2017\/05\/voxel-420x280.jpg 420w, https:\/\/2017.ostravskamuzejninoc.cz\/wp-content\/uploads\/2017\/05\/voxel-184x123.jpg 184w\" sizes=\"(max-width: 600px) 100vw, 600px\" \/><\/a>\n\t\t\t<\/div><\/figure><figure class='gallery-item'>\n\t\t\t<div class='gallery-icon landscape'>\n\t\t\t\t<a href='https:\/\/2017.ostravskamuzejninoc.cz\/wp-content\/uploads\/2017\/05\/christafari.jpg'><img width=\"600\" height=\"400\" src=\"https:\/\/2017.ostravskamuzejninoc.cz\/wp-content\/uploads\/2017\/05\/christafari.jpg\" class=\"attachment-medium size-medium\" alt=\"\" loading=\"lazy\" srcset=\"https:\/\/2017.ostravskamuzejninoc.cz\/wp-content\/uploads\/2017\/05\/christafari.jpg 600w, https:\/\/2017.ostravskamuzejninoc.cz\/wp-content\/uploads\/2017\/05\/christafari-420x280.jpg 420w, https:\/\/2017.ostravskamuzejninoc.cz\/wp-content\/uploads\/2017\/05\/christafari-184x123.jpg 184w\" sizes=\"(max-width: 600px) 100vw, 600px\" \/><\/a>\n\t\t\t<\/div><\/figure><figure class='gallery-item'>\n\t\t\t<div class='gallery-icon landscape'>\n\t\t\t\t<a href='https:\/\/2017.ostravskamuzejninoc.cz\/wp-content\/uploads\/2017\/05\/gospel_ostrava.jpg'><img width=\"600\" height=\"400\" src=\"https:\/\/2017.ostravskamuzejninoc.cz\/wp-content\/uploads\/2017\/05\/gospel_ostrava.jpg\" class=\"attachment-medium size-medium\" alt=\"\" loading=\"lazy\" srcset=\"https:\/\/2017.ostravskamuzejninoc.cz\/wp-content\/uploads\/2017\/05\/gospel_ostrava.jpg 600w, https:\/\/2017.ostravskamuzejninoc.cz\/wp-content\/uploads\/2017\/05\/gospel_ostrava-420x280.jpg 420w, https:\/\/2017.ostravskamuzejninoc.cz\/wp-content\/uploads\/2017\/05\/gospel_ostrava-184x123.jpg 184w\" sizes=\"(max-width: 600px) 100vw, 600px\" \/><\/a>\n\t\t\t<\/div><\/figure><figure class='gallery-item'>\n\t\t\t<div class='gallery-icon landscape'>\n\t\t\t\t<a href='https:\/\/2017.ostravskamuzejninoc.cz\/wp-content\/uploads\/2017\/05\/fusion_lite.jpg'><img width=\"600\" height=\"400\" src=\"https:\/\/2017.ostravskamuzejninoc.cz\/wp-content\/uploads\/2017\/05\/fusion_lite.jpg\" class=\"attachment-medium size-medium\" alt=\"\" loading=\"lazy\" srcset=\"https:\/\/2017.ostravskamuzejninoc.cz\/wp-content\/uploads\/2017\/05\/fusion_lite.jpg 600w, https:\/\/2017.ostravskamuzejninoc.cz\/wp-content\/uploads\/2017\/05\/fusion_lite-420x280.jpg 420w, https:\/\/2017.ostravskamuzejninoc.cz\/wp-content\/uploads\/2017\/05\/fusion_lite-184x123.jpg 184w\" sizes=\"(max-width: 600px) 100vw, 600px\" \/><\/a>\n\t\t\t<\/div><\/figure><figure class='gallery-item'>\n\t\t\t<div class='gallery-icon landscape'>\n\t\t\t\t<a href='https:\/\/2017.ostravskamuzejninoc.cz\/wp-content\/uploads\/2017\/05\/dusilova.jpg'><img width=\"600\" height=\"400\" src=\"https:\/\/2017.ostravskamuzejninoc.cz\/wp-content\/uploads\/2017\/05\/dusilova.jpg\" class=\"attachment-medium size-medium\" alt=\"\" loading=\"lazy\" srcset=\"https:\/\/2017.ostravskamuzejninoc.cz\/wp-content\/uploads\/2017\/05\/dusilova.jpg 600w, https:\/\/2017.ostravskamuzejninoc.cz\/wp-content\/uploads\/2017\/05\/dusilova-420x280.jpg 420w, https:\/\/2017.ostravskamuzejninoc.cz\/wp-content\/uploads\/2017\/05\/dusilova-184x123.jpg 184w\" sizes=\"(max-width: 600px) 100vw, 600px\" \/><\/a>\n\t\t\t<\/div><\/figure><figure class='gallery-item'>\n\t\t\t<div class='gallery-icon landscape'>\n\t\t\t\t<a href='https:\/\/2017.ostravskamuzejninoc.cz\/wp-content\/uploads\/2017\/05\/dostal_klecandr.jpg'><img width=\"600\" height=\"400\" src=\"https:\/\/2017.ostravskamuzejninoc.cz\/wp-content\/uploads\/2017\/05\/dostal_klecandr.jpg\" class=\"attachment-medium size-medium\" alt=\"\" loading=\"lazy\" srcset=\"https:\/\/2017.ostravskamuzejninoc.cz\/wp-content\/uploads\/2017\/05\/dostal_klecandr.jpg 600w, https:\/\/2017.ostravskamuzejninoc.cz\/wp-content\/uploads\/2017\/05\/dostal_klecandr-420x280.jpg 420w, https:\/\/2017.ostravskamuzejninoc.cz\/wp-content\/uploads\/2017\/05\/dostal_klecandr-184x123.jpg 184w\" sizes=\"(max-width: 600px) 100vw, 600px\" \/><\/a>\n\t\t\t<\/div><\/figure><figure class='gallery-item'>\n\t\t\t<div class='gallery-icon landscape'>\n\t\t\t\t<a href='https:\/\/2017.ostravskamuzejninoc.cz\/wp-content\/uploads\/2017\/05\/cendlik.jpg'><img width=\"600\" height=\"400\" src=\"https:\/\/2017.ostravskamuzejninoc.cz\/wp-content\/uploads\/2017\/05\/cendlik.jpg\" class=\"attachment-medium size-medium\" alt=\"\" loading=\"lazy\" srcset=\"https:\/\/2017.ostravskamuzejninoc.cz\/wp-content\/uploads\/2017\/05\/cendlik.jpg 600w, https:\/\/2017.ostravskamuzejninoc.cz\/wp-content\/uploads\/2017\/05\/cendlik-420x280.jpg 420w, https:\/\/2017.ostravskamuzejninoc.cz\/wp-content\/uploads\/2017\/05\/cendlik-184x123.jpg 184w\" sizes=\"(max-width: 600px) 100vw, 600px\" \/><\/a>\n\t\t\t<\/div><\/figure>\n\t\t<\/div>\n<\/p>","protected":false},"excerpt":{"rendered":"<p>Silesian Lily The Silesian Lily is an international Christian festival &hellip;<\/p>\n","protected":false},"author":1,"featured_media":265,"comment_status":"closed","ping_status":"closed","sticky":false,"template":"","format":"standard","meta":[],"categories":[2],"tags":[],"_links":{"self":[{"href":"https:\/\/2017.ostravskamuzejninoc.cz\/en\/wp-json\/wp\/v2\/posts\/255"}],"collection":[{"href":"https:\/\/2017.ostravskamuzejninoc.cz\/en\/wp-json\/wp\/v2\/posts"}],"about":[{"href":"https:\/\/2017.ostravskamuzejninoc.cz\/en\/wp-json\/wp\/v2\/types\/post"}],"author":[{"embeddable":true,"href":"https:\/\/2017.ostravskamuzejninoc.cz\/en\/wp-json\/wp\/v2\/users\/1"}],"replies":[{"embeddable":true,"href":"https:\/\/2017.ostravskamuzejninoc.cz\/en\/wp-json\/wp\/v2\/comments?post=255"}],"version-history":[{"count":11,"href":"https:\/\/2017.ostravskamuzejninoc.cz\/en\/wp-json\/wp\/v2\/posts\/255\/revisions"}],"predecessor-version":[{"id":890,"href":"https:\/\/2017.ostravskamuzejninoc.cz\/en\/wp-json\/wp\/v2\/posts\/255\/revisions\/890"}],"wp:featuredmedia":[{"embeddable":true,"href":"https:\/\/2017.ostravskamuzejninoc.cz\/en\/wp-json\/wp\/v2\/media\/265"}],"wp:attachment":[{"href":"https:\/\/2017.ostravskamuzejninoc.cz\/en\/wp-json\/wp\/v2\/media?parent=255"}],"wp:term":[{"taxonomy":"category","embeddable":true,"href":"https:\/\/2017.ostravskamuzejninoc.cz\/en\/wp-json\/wp\/v2\/categories?post=255"},{"taxonomy":"post_tag","embeddable":true,"href":"https:\/\/2017.ostravskamuzejninoc.cz\/en\/wp-json\/wp\/v2\/tags?post=255"}],"curies":[{"name":"wp","href":"https:\/\/api.w.org\/{rel}","templated":true}]}}