{"id":471,"date":"2017-05-18T10:45:24","date_gmt":"2017-05-18T08:45:24","guid":{"rendered":"http:\/\/ostravskamuzejninoc.cz\/subdom\/2017\/?p=471"},"modified":"2017-06-05T11:12:12","modified_gmt":"2017-06-05T09:12:12","slug":"vytvarne-centrum-chagall","status":"publish","type":"post","link":"https:\/\/2017.ostravskamuzejninoc.cz\/en\/vytvarne-centrum-chagall\/","title":{"rendered":"The Chagall Art Centre"},"content":{"rendered":"<p><\/p>\n<h1>The Chagall Art Centre<\/h1>\n<p><img class=\"alignright\" src=\"https:\/\/2011.ostravskamuzejninoc.cz\/chagall\/logo_chagall.png\" alt=\"Chagall\" \/><\/p>\n<ul>\n<li>17.00\u201322.00<br \/>\n<strong>Ji\u0159\u00ed Anderle \u2013 paintings, graphics, objects<\/strong><br \/>\n(Author exhibition hall)<br \/>\nExposition of paintings, drawings and graphics of one of the most important and universal Czech artists awarded by a series of Czech and international prizes. The exposition is organized to celebrate the author\u2019s anniversary. Guided tours of the exhibition.<\/li>\n<\/ul>\n<p>17.00\u201322.00<br \/>\n<strong>Permanent selling exhibition (Gallery I. floor)<\/strong><br \/>\nTHE BEST OF CHAGALL \u2013<\/p>\n<p>exhibition of a collection of the youngest artefacts presents the works by J. Kol\u00e1\u0159, J. Trampota, A. Pelc, E. Ov\u010d\u00e1\u010dek, V. Kristin, J. Kapec, M. Wielgus, L. Ji\u0159incov\u00e1, J. Drha, V. W\u00fcnsch, V. Dr\u017ekovic, A. Mervart, A. Kalvoda, J. Holub, Fr. Kav\u00e1n, J. Ulmann, J. Honsa, M. Chagall, J. Mir\u00f3 and other authors. Guided tours of the exhibition.<\/p>\n<ul>\n<li><strong>17.00\u201322.00<\/strong><br \/>\nTom\u00e1\u0161 Kijas\u00a0\u2013 photography<br \/>\n(Gallery On The Stairs)<br \/>\nExhibition of a young author from Ostrava with the topic of landscapes. Guided tours of the photography exhibition.<\/li>\n<\/ul>\n<h5 align=\"left\">Contact<\/h5>\n<p align=\"left\">The Chagall Art Centre<\/p>\n<p>Repinova 16, 702 00 Ostrava<br \/>\nE-mail: <a href=\"mailto:chagall@chagall.cz\" target=\"_blank\" rel=\"noopener noreferrer\">chagall@chagall.cz<\/a><br \/>\nWeb: <a href=\"https:\/\/www.chagall.cz\/\" target=\"_blank\" rel=\"noopener noreferrer\">www.chagall.cz<\/a><br \/>\nPhone +420 602 532 894, +420 605 964 765<\/p>\n<p><div id='gallery-2' class='gallery galleryid-471 gallery-columns-3 gallery-size-medium'><figure class='gallery-item'>\n\t\t\t<div class='gallery-icon landscape'>\n\t\t\t\t<a href='https:\/\/2017.ostravskamuzejninoc.cz\/wp-content\/uploads\/2017\/05\/chagall.jpg'><img width=\"506\" height=\"376\" src=\"https:\/\/2017.ostravskamuzejninoc.cz\/wp-content\/uploads\/2017\/05\/chagall.jpg\" class=\"attachment-medium size-medium\" alt=\"\" loading=\"lazy\" srcset=\"https:\/\/2017.ostravskamuzejninoc.cz\/wp-content\/uploads\/2017\/05\/chagall.jpg 506w, https:\/\/2017.ostravskamuzejninoc.cz\/wp-content\/uploads\/2017\/05\/chagall-420x312.jpg 420w, https:\/\/2017.ostravskamuzejninoc.cz\/wp-content\/uploads\/2017\/05\/chagall-184x137.jpg 184w\" sizes=\"(max-width: 506px) 100vw, 506px\" \/><\/a>\n\t\t\t<\/div><\/figure>\n\t\t<\/div>\n<\/p>","protected":false},"excerpt":{"rendered":"<p>The Chagall Art Centre 17.00\u201322.00 Ji\u0159\u00ed Anderle \u2013 paintings, graphics, &hellip;<\/p>\n","protected":false},"author":1,"featured_media":472,"comment_status":"closed","ping_status":"closed","sticky":false,"template":"","format":"standard","meta":[],"categories":[2],"tags":[],"_links":{"self":[{"href":"https:\/\/2017.ostravskamuzejninoc.cz\/en\/wp-json\/wp\/v2\/posts\/471"}],"collection":[{"href":"https:\/\/2017.ostravskamuzejninoc.cz\/en\/wp-json\/wp\/v2\/posts"}],"about":[{"href":"https:\/\/2017.ostravskamuzejninoc.cz\/en\/wp-json\/wp\/v2\/types\/post"}],"author":[{"embeddable":true,"href":"https:\/\/2017.ostravskamuzejninoc.cz\/en\/wp-json\/wp\/v2\/users\/1"}],"replies":[{"embeddable":true,"href":"https:\/\/2017.ostravskamuzejninoc.cz\/en\/wp-json\/wp\/v2\/comments?post=471"}],"version-history":[{"count":9,"href":"https:\/\/2017.ostravskamuzejninoc.cz\/en\/wp-json\/wp\/v2\/posts\/471\/revisions"}],"predecessor-version":[{"id":943,"href":"https:\/\/2017.ostravskamuzejninoc.cz\/en\/wp-json\/wp\/v2\/posts\/471\/revisions\/943"}],"wp:featuredmedia":[{"embeddable":true,"href":"https:\/\/2017.ostravskamuzejninoc.cz\/en\/wp-json\/wp\/v2\/media\/472"}],"wp:attachment":[{"href":"https:\/\/2017.ostravskamuzejninoc.cz\/en\/wp-json\/wp\/v2\/media?parent=471"}],"wp:term":[{"taxonomy":"category","embeddable":true,"href":"https:\/\/2017.ostravskamuzejninoc.cz\/en\/wp-json\/wp\/v2\/categories?post=471"},{"taxonomy":"post_tag","embeddable":true,"href":"https:\/\/2017.ostravskamuzejninoc.cz\/en\/wp-json\/wp\/v2\/tags?post=471"}],"curies":[{"name":"wp","href":"https:\/\/api.w.org\/{rel}","templated":true}]}}