{"id":416,"date":"2017-05-12T13:26:18","date_gmt":"2017-05-12T11:26:18","guid":{"rendered":"http:\/\/ostravskamuzejninoc.cz\/subdom\/2017\/?p=416"},"modified":"2017-05-19T14:05:21","modified_gmt":"2017-05-19T12:05:21","slug":"ostrava-transport-company","status":"publish","type":"post","link":"https:\/\/2017.ostravskamuzejninoc.cz\/pl\/ostrava-transport-company\/","title":{"rendered":"Zak\u0142ad Komunikacji Miejskiej Ostrawa"},"content":{"rendered":"<p><\/p>\n<h1>Zak\u0142ad Komunikacji Miejskiej Ostrawa s. a., Warsztaty Martinov<img class=\"alignright\" src=\"https:\/\/2013.ostravskamuzejninoc.cz\/wp-content\/uploads\/2013\/04\/dpo_logo_2013.png\" alt=\"dpo_logo_2013\" \/><\/h1>\n<p style=\"margin: 0cm; margin-bottom: .0001pt;\">W czasie Ostrawskiej Nocy Muze\u00f3w Zak\u0142ad Komunikacji Miejskiej Ostrawa tradycyjnie udost\u0119pni depozyt wi\u0119kszo\u015bci zabytkowych tramwaj\u00f3w, znajduj\u0105cy si\u0119 na terenie Warsztat\u00f3w ZKM Ostrawa w Martinowie. Przy tej okazji pokazane zostan\u0105 i inne zabytkowe \u015brodki transportu oraz przedmioty zwi\u0105zane tematycznie z transportem ze zbior\u00f3w zak\u0142adu komunikacji miejskiej.<\/p>\n<ul>\n<li>16.00\u201323.00<br \/>\n<strong><strong>Otwarcie depozytu<\/strong><\/strong><br \/>\nDla zwiedzaj\u0105cych Ostrawskiej Nocy Muze\u00f3w b\u0119dzie uruchomiony niskopod\u0142ogowy tramwaj od przystanku Warsztaty MZK (D\u00edlny DP Ostrava) do miejsca gdzie b\u0119d\u0105 eksponowane zabytkowe tramwaje.<\/li>\n<\/ul>\n<h4><strong>Ruch pieszy po terenie b\u0119dzie niemo\u017cliwy.<\/strong><br \/>\nJazdy zabytkowych wagon\u00f3w tramwajowych w roku 2017:<\/h4>\n<p>15. 7., 29. 7., 19. 8. Wakacyjne przeja\u017cd\u017cki zabytkowymi tramwajami z centrum Ostrawy do Zoo.<br \/>\n9. 9. Dzie\u0144 Drzwi Otwartych z programem towarzysz\u0105cym na terenie zajezdni trolejbusowej oraz przeja\u017cd\u017cki poznawcze przez miasto z okazji 65 lecia trolejbus\u00f3w w Ostrawie.<br \/>\n23. 9. Dzie\u0144 Kolei \u2013 przeja\u017cd\u017cki poznawcze zabytkowymi tramwajami po centrum miasta.<br \/>\n2. 12. Przeja\u017cd\u017cki zabytkowymi tramwajami dooko\u0142a miasta wraz z diab\u0142em i \u015bw. Miko\u0142ajem<\/p>\n<h4>Kontakt<\/h4>\n<p>Dopravn\u00ed podnik Ostrava a.s.<br \/>\nMartinovsk\u00e1\u00a03293\/40<br \/>\n723 00 Ostrava-Martinov<br \/>\n<a href=\"mailto:dpored@dpo.cz\" target=\"_blank\" rel=\"noopener noreferrer\">dpored@dpo.cz<\/a><br \/>\n<a href=\"https:\/\/www.dpo.cz\/\" target=\"_blank\" rel=\"noopener noreferrer\">www.dpo.cz<\/a><br \/>\nT +420 597 401 140<\/p>\n<p><div id='gallery-3' class='gallery galleryid-416 gallery-columns-3 gallery-size-medium'><figure class='gallery-item'>\n\t\t\t<div class='gallery-icon landscape'>\n\t\t\t\t<a href='https:\/\/2017.ostravskamuzejninoc.cz\/wp-content\/uploads\/2017\/05\/dpo1.jpg'><img width=\"744\" height=\"558\" src=\"https:\/\/2017.ostravskamuzejninoc.cz\/wp-content\/uploads\/2017\/05\/dpo1-744x558.jpg\" class=\"attachment-medium size-medium\" alt=\"\" loading=\"lazy\" srcset=\"https:\/\/2017.ostravskamuzejninoc.cz\/wp-content\/uploads\/2017\/05\/dpo1-744x558.jpg 744w, https:\/\/2017.ostravskamuzejninoc.cz\/wp-content\/uploads\/2017\/05\/dpo1-420x315.jpg 420w, https:\/\/2017.ostravskamuzejninoc.cz\/wp-content\/uploads\/2017\/05\/dpo1-768x576.jpg 768w, https:\/\/2017.ostravskamuzejninoc.cz\/wp-content\/uploads\/2017\/05\/dpo1-184x138.jpg 184w, https:\/\/2017.ostravskamuzejninoc.cz\/wp-content\/uploads\/2017\/05\/dpo1.jpg 800w\" sizes=\"(max-width: 744px) 100vw, 744px\" \/><\/a>\n\t\t\t<\/div><\/figure><figure class='gallery-item'>\n\t\t\t<div class='gallery-icon landscape'>\n\t\t\t\t<a href='https:\/\/2017.ostravskamuzejninoc.cz\/wp-content\/uploads\/2017\/05\/dpo2.jpg'><img width=\"744\" height=\"558\" src=\"https:\/\/2017.ostravskamuzejninoc.cz\/wp-content\/uploads\/2017\/05\/dpo2-744x558.jpg\" class=\"attachment-medium size-medium\" alt=\"\" loading=\"lazy\" srcset=\"https:\/\/2017.ostravskamuzejninoc.cz\/wp-content\/uploads\/2017\/05\/dpo2-744x558.jpg 744w, https:\/\/2017.ostravskamuzejninoc.cz\/wp-content\/uploads\/2017\/05\/dpo2-420x315.jpg 420w, https:\/\/2017.ostravskamuzejninoc.cz\/wp-content\/uploads\/2017\/05\/dpo2-768x576.jpg 768w, https:\/\/2017.ostravskamuzejninoc.cz\/wp-content\/uploads\/2017\/05\/dpo2-184x138.jpg 184w, https:\/\/2017.ostravskamuzejninoc.cz\/wp-content\/uploads\/2017\/05\/dpo2.jpg 800w\" sizes=\"(max-width: 744px) 100vw, 744px\" \/><\/a>\n\t\t\t<\/div><\/figure>\n\t\t<\/div>\n<\/p>","protected":false},"excerpt":{"rendered":"<p>Zak\u0142ad Komunikacji Miejskiej Ostrawa s. a., Warsztaty Martinov W czasie &hellip;<\/p>\n","protected":false},"author":1,"featured_media":417,"comment_status":"closed","ping_status":"closed","sticky":false,"template":"","format":"standard","meta":[],"categories":[2],"tags":[],"_links":{"self":[{"href":"https:\/\/2017.ostravskamuzejninoc.cz\/pl\/wp-json\/wp\/v2\/posts\/416"}],"collection":[{"href":"https:\/\/2017.ostravskamuzejninoc.cz\/pl\/wp-json\/wp\/v2\/posts"}],"about":[{"href":"https:\/\/2017.ostravskamuzejninoc.cz\/pl\/wp-json\/wp\/v2\/types\/post"}],"author":[{"embeddable":true,"href":"https:\/\/2017.ostravskamuzejninoc.cz\/pl\/wp-json\/wp\/v2\/users\/1"}],"replies":[{"embeddable":true,"href":"https:\/\/2017.ostravskamuzejninoc.cz\/pl\/wp-json\/wp\/v2\/comments?post=416"}],"version-history":[{"count":6,"href":"https:\/\/2017.ostravskamuzejninoc.cz\/pl\/wp-json\/wp\/v2\/posts\/416\/revisions"}],"predecessor-version":[{"id":596,"href":"https:\/\/2017.ostravskamuzejninoc.cz\/pl\/wp-json\/wp\/v2\/posts\/416\/revisions\/596"}],"wp:featuredmedia":[{"embeddable":true,"href":"https:\/\/2017.ostravskamuzejninoc.cz\/pl\/wp-json\/wp\/v2\/media\/417"}],"wp:attachment":[{"href":"https:\/\/2017.ostravskamuzejninoc.cz\/pl\/wp-json\/wp\/v2\/media?parent=416"}],"wp:term":[{"taxonomy":"category","embeddable":true,"href":"https:\/\/2017.ostravskamuzejninoc.cz\/pl\/wp-json\/wp\/v2\/categories?post=416"},{"taxonomy":"post_tag","embeddable":true,"href":"https:\/\/2017.ostravskamuzejninoc.cz\/pl\/wp-json\/wp\/v2\/tags?post=416"}],"curies":[{"name":"wp","href":"https:\/\/api.w.org\/{rel}","templated":true}]}}